{"id":54061,"date":"2025-07-09T14:15:53","date_gmt":"2025-07-09T12:15:53","guid":{"rendered":"https:\/\/www.vallemaira.org\/2025\/07\/09\/bauarbeiten-fuer-das-projekt-alavetz-in-elva\/"},"modified":"2025-07-09T14:15:53","modified_gmt":"2025-07-09T12:15:53","slug":"bauarbeiten-fuer-das-projekt-alavetz-in-elva","status":"publish","type":"post","link":"https:\/\/www.vallemaira.org\/de\/2025\/07\/09\/bauarbeiten-fuer-das-projekt-alavetz-in-elva\/","title":{"rendered":"Bauarbeiten f\u00fcr das Projekt &#8222;Alavetz&#8220; in Elva"},"content":{"rendered":"<p data-start=\"58\" data-end=\"199\">Die Bauarbeiten f\u00fcr das Projekt <strong data-start=\"90\" data-end=\"103\">\u201eAlavetz\u201c<\/strong> haben begonnen \u2013 ein Vorhaben, das Innovation und neues Leben in den Ort <strong data-start=\"177\" data-end=\"185\">Elva<\/strong> bringen wird.<\/p>\n<p data-start=\"201\" data-end=\"424\">Ab dem Sommer 2025 werden sich auf der Stra\u00dfe, die ins kleine Dorf f\u00fchrt, regelm\u00e4\u00dfig <strong data-start=\"286\" data-end=\"307\">schwere Fahrzeuge<\/strong> abwechseln. Es wird daher davon abgeraten, zu den in der beigef\u00fcgten Tabelle angegebenen Zeiten nach Elva zu fahren.<\/p>\n<p data-start=\"426\" data-end=\"635\">Um stressfrei zu reisen, empfehlen wir, den <strong data-start=\"470\" data-end=\"498\">bequemen Shuttle-Service<\/strong> zu nutzen, der den ganzen Sommer 2025 \u00fcber von und nach Elva verkehrt \u2013 an den Tagen und zu den Uhrzeiten, die Sie <a href=\"https:\/\/www.vallemaira.org\/de\/2025\/06\/03\/servizio-di-navetta-stroppo-elva-2025\/\">hier einsehen k\u00f6nnen.<\/a><\/p>\n","protected":false},"excerpt":{"rendered":"<p>Die Bauarbeiten f\u00fcr das Projekt \u201eAlavetz\u201c haben begonnen \u2013 ein Vorhaben, das Innovation und neues Leben in den Ort Elva&#8230;<\/p>\n","protected":false},"author":113,"featured_media":54056,"comment_status":"closed","ping_status":"closed","sticky":false,"template":"","format":"standard","meta":{"footnotes":""},"categories":[441],"tags":[],"class_list":["post-54061","post","type-post","status-publish","format-standard","has-post-thumbnail","hentry","category-nachricht"],"_links":{"self":[{"href":"https:\/\/www.vallemaira.org\/de\/wp-json\/wp\/v2\/posts\/54061","targetHints":{"allow":["GET"]}}],"collection":[{"href":"https:\/\/www.vallemaira.org\/de\/wp-json\/wp\/v2\/posts"}],"about":[{"href":"https:\/\/www.vallemaira.org\/de\/wp-json\/wp\/v2\/types\/post"}],"author":[{"embeddable":true,"href":"https:\/\/www.vallemaira.org\/de\/wp-json\/wp\/v2\/users\/113"}],"replies":[{"embeddable":true,"href":"https:\/\/www.vallemaira.org\/de\/wp-json\/wp\/v2\/comments?post=54061"}],"version-history":[{"count":0,"href":"https:\/\/www.vallemaira.org\/de\/wp-json\/wp\/v2\/posts\/54061\/revisions"}],"wp:featuredmedia":[{"embeddable":true,"href":"https:\/\/www.vallemaira.org\/de\/wp-json\/wp\/v2\/media\/54056"}],"wp:attachment":[{"href":"https:\/\/www.vallemaira.org\/de\/wp-json\/wp\/v2\/media?parent=54061"}],"wp:term":[{"taxonomy":"category","embeddable":true,"href":"https:\/\/www.vallemaira.org\/de\/wp-json\/wp\/v2\/categories?post=54061"},{"taxonomy":"post_tag","embeddable":true,"href":"https:\/\/www.vallemaira.org\/de\/wp-json\/wp\/v2\/tags?post=54061"}],"curies":[{"name":"wp","href":"https:\/\/api.w.org\/{rel}","templated":true}]}}