{"id":42647,"date":"2024-07-25T15:57:51","date_gmt":"2024-07-25T13:57:51","guid":{"rendered":"https:\/\/www.vallemaira.org\/2024\/07\/25\/valle-maira-card\/"},"modified":"2026-02-23T16:35:01","modified_gmt":"2026-02-23T15:35:01","slug":"valle-maira-card","status":"publish","type":"post","link":"https:\/\/www.vallemaira.org\/de\/2024\/07\/25\/valle-maira-card\/","title":{"rendered":"Valle Maira Card"},"content":{"rendered":"<p>Die Valle Maira Card ist wieder aktiv \u2013 ein kostenloser Service f\u00fcr G\u00e4ste, die in einer Unterkunft im Valle Maira \u00fcbernachten. Sie k\u00f6nnen die Karte direkt an der Rezeption anfordern!<\/p>\n<p>F\u00fcllen Sie die R\u00fcckseite der Gutscheine aus, die Sie von Ihrem Beherbergungsbetrieb erhalten, und profitieren Sie von:<\/p>\n<ul>\n<li>30 % Rabatt auf den Verleih eines E-Bikes im Tal. Geben Sie den Gutschein einfach in unseren Tourismusb\u00fcros in Acceglio, Marmora oder Dronero ab und starten Sie Ihr Abenteuer auf zwei R\u00e4dern! <\/li>\n<li>Kostenlose Nutzung des Shuttle-Services zum Gardetta-Plateau. Bitte f\u00fcllen Sie den Gutschein sowohl f\u00fcr die Hin- als auch f\u00fcr die R\u00fcckfahrt mit all Ihren Daten und den Informationen zu Ihrem Aufenthalt im Tal aus. Die ausgef\u00fcllten Gutscheine (Hin- und R\u00fcckfahrt) m\u00fcssen dem Fahrer des Gardetta-Shuttles ausgeh\u00e4ndigt werden. Entdecken Sie einen der ikonischsten Orte des Valle Maira in aller Bequemlichkeit und Sicherheit!   <\/li>\n<\/ul>\n<p>&nbsp;<\/p>\n","protected":false},"excerpt":{"rendered":"<p>Die Valle Maira Card ist wieder aktiv \u2013 ein kostenloser Service f\u00fcr G\u00e4ste, die in einer Unterkunft im Valle Maira&#8230;<\/p>\n","protected":false},"author":113,"featured_media":43001,"comment_status":"closed","ping_status":"closed","sticky":false,"template":"","format":"standard","meta":{"footnotes":""},"categories":[441],"tags":[],"class_list":["post-42647","post","type-post","status-publish","format-standard","has-post-thumbnail","hentry","category-nachricht"],"_links":{"self":[{"href":"https:\/\/www.vallemaira.org\/de\/wp-json\/wp\/v2\/posts\/42647","targetHints":{"allow":["GET"]}}],"collection":[{"href":"https:\/\/www.vallemaira.org\/de\/wp-json\/wp\/v2\/posts"}],"about":[{"href":"https:\/\/www.vallemaira.org\/de\/wp-json\/wp\/v2\/types\/post"}],"author":[{"embeddable":true,"href":"https:\/\/www.vallemaira.org\/de\/wp-json\/wp\/v2\/users\/113"}],"replies":[{"embeddable":true,"href":"https:\/\/www.vallemaira.org\/de\/wp-json\/wp\/v2\/comments?post=42647"}],"version-history":[{"count":3,"href":"https:\/\/www.vallemaira.org\/de\/wp-json\/wp\/v2\/posts\/42647\/revisions"}],"predecessor-version":[{"id":65557,"href":"https:\/\/www.vallemaira.org\/de\/wp-json\/wp\/v2\/posts\/42647\/revisions\/65557"}],"wp:featuredmedia":[{"embeddable":true,"href":"https:\/\/www.vallemaira.org\/de\/wp-json\/wp\/v2\/media\/43001"}],"wp:attachment":[{"href":"https:\/\/www.vallemaira.org\/de\/wp-json\/wp\/v2\/media?parent=42647"}],"wp:term":[{"taxonomy":"category","embeddable":true,"href":"https:\/\/www.vallemaira.org\/de\/wp-json\/wp\/v2\/categories?post=42647"},{"taxonomy":"post_tag","embeddable":true,"href":"https:\/\/www.vallemaira.org\/de\/wp-json\/wp\/v2\/tags?post=42647"}],"curies":[{"name":"wp","href":"https:\/\/api.w.org\/{rel}","templated":true}]}}